{"id":89912,"date":"2025-05-16T07:03:43","date_gmt":"2025-05-16T07:03:43","guid":{"rendered":"https:\/\/grubenbergch.skipdns.link\/ouverture-anticipee\/"},"modified":"2025-05-16T07:03:43","modified_gmt":"2025-05-16T07:03:43","slug":"ouverture-anticipee","status":"publish","type":"post","link":"https:\/\/grubenberg.ch\/fr\/ouverture-anticipee\/","title":{"rendered":"Ouverture anticip\u00e9e"},"content":{"rendered":"<p>En raison de la forte demande, la cabane Grubenbergh\u00fctte ouvrira ses portes plus t\u00f4t que pr\u00e9vu et sera gard\u00e9e tous les week-ends \u00e0 partir du week-end du 3\/4 mai 2025.<br \/>\nL&rsquo;ouverture officielle de la saison aura lieu le jeudi 29 mai 2025 (Ascension).<br \/>\nAlors que les versants sud sont d\u00e9j\u00e0 d\u00e9gag\u00e9s de neige, les versants nord situ\u00e9s au-dessus de 1700 m environ sont encore en partie recouverts d&rsquo;un manteau neigeux continu.<br \/>\nLa ligne CarPostal Saanen \u2013 Abl\u00e4ndschen \u2013 Jaun circulera du 3 mai au 26 octobre 2025 (en mai et juin, les samedis et dimanches et les jours f\u00e9ri\u00e9s, en juillet et ao\u00fbt et du 29 septembre au 26 octobre 2025, service continu du lundi au dimanche avec quatre courses par jour dans les deux sens) .<br \/>\nVous trouverez ici toutes les informations sur la ligne CarPostal Saanen \u2013 <a href=\"https:\/\/www.postauto.ch\/de\/freizeitangebote\/ausflugstipps\/mittelberg-linie\" target=\"_blank\" rel=\"noopener\">Jaun.<\/a><br \/>\nNous nous r\u00e9jouissons de votre visite !<br \/>\n(Photo : Ruedi H\u00e4hlen)<\/p>\n","protected":false},"excerpt":{"rendered":"<p>En raison de la forte demande, la cabane Grubenbergh\u00fctte ouvrira ses portes plus t\u00f4t que pr\u00e9vu et sera gard\u00e9e tous les week-ends \u00e0 partir du week-end du 3\/4 mai 2025. L&rsquo;ouverture officielle de la saison aura lieu le jeudi 29 mai 2025 (Ascension). Alors que les versants sud sont d\u00e9j\u00e0 d\u00e9gag\u00e9s de neige, les versants [&hellip;]<\/p>\n","protected":false},"author":1,"featured_media":89857,"comment_status":"open","ping_status":"closed","sticky":false,"template":"","format":"standard","meta":{"_et_pb_use_builder":"","_et_pb_old_content":"","_et_gb_content_width":"","footnotes":""},"categories":[20],"tags":[],"class_list":["post-89912","post","type-post","status-publish","format-standard","has-post-thumbnail","hentry","category-actualites"],"_links":{"self":[{"href":"https:\/\/grubenberg.ch\/fr\/wp-json\/wp\/v2\/posts\/89912","targetHints":{"allow":["GET"]}}],"collection":[{"href":"https:\/\/grubenberg.ch\/fr\/wp-json\/wp\/v2\/posts"}],"about":[{"href":"https:\/\/grubenberg.ch\/fr\/wp-json\/wp\/v2\/types\/post"}],"author":[{"embeddable":true,"href":"https:\/\/grubenberg.ch\/fr\/wp-json\/wp\/v2\/users\/1"}],"replies":[{"embeddable":true,"href":"https:\/\/grubenberg.ch\/fr\/wp-json\/wp\/v2\/comments?post=89912"}],"version-history":[{"count":0,"href":"https:\/\/grubenberg.ch\/fr\/wp-json\/wp\/v2\/posts\/89912\/revisions"}],"wp:featuredmedia":[{"embeddable":true,"href":"https:\/\/grubenberg.ch\/fr\/wp-json\/wp\/v2\/media\/89857"}],"wp:attachment":[{"href":"https:\/\/grubenberg.ch\/fr\/wp-json\/wp\/v2\/media?parent=89912"}],"wp:term":[{"taxonomy":"category","embeddable":true,"href":"https:\/\/grubenberg.ch\/fr\/wp-json\/wp\/v2\/categories?post=89912"},{"taxonomy":"post_tag","embeddable":true,"href":"https:\/\/grubenberg.ch\/fr\/wp-json\/wp\/v2\/tags?post=89912"}],"curies":[{"name":"wp","href":"https:\/\/api.w.org\/{rel}","templated":true}]}}